{"id":5289,"date":"2022-09-12T15:37:08","date_gmt":"2022-09-12T19:37:08","guid":{"rendered":"https:\/\/fullen.cl\/blog\/?p=5289"},"modified":"2022-09-12T15:37:10","modified_gmt":"2022-09-12T19:37:10","slug":"por-que-usar-un-brazo-articulado","status":"publish","type":"post","link":"https:\/\/fullen.cl\/blog\/por-que-usar-un-brazo-articulado\/","title":{"rendered":"Por qu\u00e9 usar un brazo articulado"},"content":{"rendered":"\n<p><strong>Los brazos articulados corresponden a maquinaria especializada para realizar trabajos en altura y en zonas de dif\u00edcil acceso<\/strong>. A diferencia de artefactos similares, tales como los elevadores telesc\u00f3picos tradicionales que solo permiten movimientos verticales dada su estructura recta, los brazos articulados permiten movimientos en distintos sentidos, lo que facilita alcanzar pr\u00e1cticamente cualquier posici\u00f3n.&nbsp;<\/p>\n\n\n\n<p>En el presente art\u00edculo revisaremos las ventajas del uso de brazos articulados en distintos contextos.&nbsp;<\/p>\n\n\n\n<h2 class=\"wp-block-heading\">Especificaciones t\u00e9cnicas del brazo articulado<\/h2>\n\n\n\n<figure class=\"wp-block-image size-full\"><img fetchpriority=\"high\" decoding=\"async\" width=\"897\" height=\"374\" src=\"https:\/\/fullen.cl\/blog\/wp-content\/uploads\/2022\/09\/Especificaciones-tecnicas-del-brazo-articulado.jpg\" alt=\"Especificaciones t\u00e9cnicas del brazo articulado\" class=\"wp-image-5291\" srcset=\"https:\/\/fullen.cl\/blog\/wp-content\/uploads\/2022\/09\/Especificaciones-tecnicas-del-brazo-articulado.jpg 897w, https:\/\/fullen.cl\/blog\/wp-content\/uploads\/2022\/09\/Especificaciones-tecnicas-del-brazo-articulado-300x125.jpg 300w, https:\/\/fullen.cl\/blog\/wp-content\/uploads\/2022\/09\/Especificaciones-tecnicas-del-brazo-articulado-768x320.jpg 768w\" sizes=\"(max-width: 897px) 100vw, 897px\" \/><\/figure>\n\n\n\n<p><strong>Un brazo articulado puede alcanzar una altura de hasta 18 metros<\/strong>. La torreta est\u00e1 dise\u00f1ada para <strong>moverse en 360<\/strong> grados y tanto el brazo inferior como el telesc\u00f3pico son maniobrados desde la plataforma base, lo que permite una amplia perspectiva y visi\u00f3n perif\u00e9rica.<strong>&nbsp;<\/strong>Existen brazos articulados que funcionan con motor el\u00e9ctrico y otros con di\u00e9sel.&nbsp;Adem\u00e1s, los diferentes modelos poseen chasis de diferentes anchos dise\u00f1ados para los distintos tipos de acceso, desde pasillos angostos a grandes espacios industriales o sitios de mucha concurrencia.<\/p>\n\n\n\n<p>Por otro lado, dadas las caracter\u00edsticas que hemos revisado hasta ahora, <strong>los brazos articulados resultan ideales para el trabajo de construcci\u00f3n que implica alto grado de riesgo<\/strong>, sobre todo en atenci\u00f3n a que garantizan efectividad y altos \u00edndices de seguridad.&nbsp;<\/p>\n\n\n\n<p>El brazo articulado requiere de <strong>un operador que se ocupa de determinar la elevaci\u00f3n exacta y las maniobras necesarias en relaci\u00f3n con el trabajador que se encuentra en la torreta<\/strong>, de manera que son preferibles a los sistemas de elevaci\u00f3n convencionales, los que en general no resultan efectivamente seguros.&nbsp;<\/p>\n\n\n\n<p>Los brazos articulados son, adem\u00e1s, <strong>recomendables para proyectos de obra en el sector petrolero e industria energ\u00e9tica, adem\u00e1s de ser sumamente ventajosos en galpones, almacenes y bodegas de grandes empresas.<\/strong><\/p>\n\n\n\n<p>Por otro lado, a pesar de la diversidad de usos y aplicaciones que hemos mencionado, los brazos articulados <strong>han sido dise\u00f1ados especialmente para labores de interior y espacios de dif\u00edcil acceso<\/strong>,\u00a0sobre todo gracias a su <strong>modalidad<\/strong> <strong>plegable.<\/strong>\u00a0En general, los brazos articulados son empleados en trabajos especializados en f\u00e1bricas, industrias e incluso refiner\u00edas de petr\u00f3leo, ya que disponen de un asa de transporte con cesta, barandillas de seguridad.<\/p>\n\n\n\n<figure class=\"wp-block-image size-large\"><img decoding=\"async\" width=\"1024\" height=\"279\" src=\"https:\/\/fullen.cl\/blog\/wp-content\/uploads\/2022\/09\/Razones-para-usar-un-brazo-articulado-1024x279.jpg\" alt=\"Razones para usar un brazo articulado\" class=\"wp-image-5290\" srcset=\"https:\/\/fullen.cl\/blog\/wp-content\/uploads\/2022\/09\/Razones-para-usar-un-brazo-articulado-1024x279.jpg 1024w, https:\/\/fullen.cl\/blog\/wp-content\/uploads\/2022\/09\/Razones-para-usar-un-brazo-articulado-300x82.jpg 300w, https:\/\/fullen.cl\/blog\/wp-content\/uploads\/2022\/09\/Razones-para-usar-un-brazo-articulado-768x209.jpg 768w, https:\/\/fullen.cl\/blog\/wp-content\/uploads\/2022\/09\/Razones-para-usar-un-brazo-articulado.jpg 1126w\" sizes=\"(max-width: 1024px) 100vw, 1024px\" \/><\/figure>\n\n\n\n<h2 class=\"wp-block-heading\">Razones para usar un brazo articulado<\/h2>\n\n\n\n<p><strong>El brazo articulado es muy flexible y eficiente<\/strong>. Permite alcanzar grandes alturas, se puede utilizar tanto en interiores como exteriores, est\u00e1 dise\u00f1ado para realizar movimientos de expansi\u00f3n y contracci\u00f3n y es f\u00e1cilmente maniobrable para alcanzar diferentes distancias. En efecto, el brazo articulado permite una diversidad de movimientos laterales y verticales.&nbsp;<\/p>\n\n\n\n<p><strong>Existen diferentes modelos, algunos de los cuales se pueden utilizar sin problemas en espacios reducidos. <\/strong>En general, cada una de estas unidades posee capacidades, caracter\u00edsticas y ventajas particulares. Lo cierto es que cualquiera que sea el modelo que se elija, la satisfacci\u00f3n de las necesidades que hayan motivado su adquisici\u00f3n estar\u00e1 garantizada.<\/p>\n\n\n\n<p>Otra importante caracter\u00edstica de <strong>los brazos articulados es que resultan sumamente seguros<\/strong>, considerando el riesgo de los trabajos en altura, a diferencia del uso de andamios o estructuras met\u00e1licas. De manera complementaria, como dec\u00edamos en un comienzo, son f\u00e1ciles de maniobrar y permiten realizar trabajos en menos tiempo, favoreciendo la productividad. Desde luego, lo anterior solo ser\u00e1 posible si el operador posee un debido entrenamiento e informaci\u00f3n, a pesar de su mecanismo no representa mayor complejidad. <strong>El brazo articulado es f\u00e1cil de usar y no requiere montaje ni desmontaje<\/strong>.<\/p>\n\n\n\n<p>Finalmente, los brazos articulados el\u00e9ctricos tienen la gran ventaja de <strong>permitir un importante ahorro de energ\u00eda y combustible, no generan ruido y, sobre todo, no generan ning\u00fan tipo de contaminaci\u00f3n<\/strong>, siendo amigables con el medio ambiente.&nbsp;<\/p>\n\n\n\n<p>Si est\u00e1s interesado en adquirir un brazo articulado, no dudes en visitar la web de Fullen Chile, con un completo cat\u00e1logo en maquinaria, accesorios y repuestos.<\/p>\n","protected":false},"excerpt":{"rendered":"<p>Los brazos articulados corresponden a maquinaria especializada para realizar trabajos en altura y en zonas de dif\u00edcil acceso. A diferencia de artefactos similares, tales como los elevadores telesc\u00f3picos tradicionales que solo permiten movimientos verticales dada su estructura recta, los brazos articulados permiten movimientos en distintos sentidos, lo que facilita alcanzar pr\u00e1cticamente cualquier posici\u00f3n.&nbsp; En el [&hellip;]<\/p>\n","protected":false},"author":1,"featured_media":5292,"comment_status":"open","ping_status":"closed","sticky":false,"template":"","format":"standard","meta":{"rank_math_lock_modified_date":false,"footnotes":""},"categories":[1],"tags":[],"class_list":["post-5289","post","type-post","status-publish","format-standard","has-post-thumbnail","hentry","category-articulos"],"_links":{"self":[{"href":"https:\/\/fullen.cl\/blog\/wp-json\/wp\/v2\/posts\/5289"}],"collection":[{"href":"https:\/\/fullen.cl\/blog\/wp-json\/wp\/v2\/posts"}],"about":[{"href":"https:\/\/fullen.cl\/blog\/wp-json\/wp\/v2\/types\/post"}],"author":[{"embeddable":true,"href":"https:\/\/fullen.cl\/blog\/wp-json\/wp\/v2\/users\/1"}],"replies":[{"embeddable":true,"href":"https:\/\/fullen.cl\/blog\/wp-json\/wp\/v2\/comments?post=5289"}],"version-history":[{"count":1,"href":"https:\/\/fullen.cl\/blog\/wp-json\/wp\/v2\/posts\/5289\/revisions"}],"predecessor-version":[{"id":5293,"href":"https:\/\/fullen.cl\/blog\/wp-json\/wp\/v2\/posts\/5289\/revisions\/5293"}],"wp:featuredmedia":[{"embeddable":true,"href":"https:\/\/fullen.cl\/blog\/wp-json\/wp\/v2\/media\/5292"}],"wp:attachment":[{"href":"https:\/\/fullen.cl\/blog\/wp-json\/wp\/v2\/media?parent=5289"}],"wp:term":[{"taxonomy":"category","embeddable":true,"href":"https:\/\/fullen.cl\/blog\/wp-json\/wp\/v2\/categories?post=5289"},{"taxonomy":"post_tag","embeddable":true,"href":"https:\/\/fullen.cl\/blog\/wp-json\/wp\/v2\/tags?post=5289"}],"curies":[{"name":"wp","href":"https:\/\/api.w.org\/{rel}","templated":true}]}}