{"id":4054,"date":"2020-03-24T18:39:01","date_gmt":"2020-03-24T18:39:01","guid":{"rendered":"https:\/\/fullen.cl\/?p=4054"},"modified":"2020-03-24T18:39:01","modified_gmt":"2020-03-24T18:39:01","slug":"comunicado-covid-19","status":"publish","type":"post","link":"https:\/\/fullen.cl\/blog\/comunicado-covid-19\/","title":{"rendered":"Comunicado COVID-19"},"content":{"rendered":"<p>Querido Cliente:<\/p>\n<p>A medida que <strong>COVID-19<\/strong> contin\u00faa extendi\u00e9ndose a nivel mundial, Fullen International Chile, quiere asegurarle que nos estamos tomando muy en serio esta situaci\u00f3n. La salud de nuestros clientes, colaboradores y sus familias es, y sigue siendo, nuestra m\u00e1xima prioridad.<\/p>\n<p>Fullen sigue funcionando, en nuestras instalaciones se est\u00e1n tomando todas las precauciones e implementando procedimientos estrictos, como distanciamiento social, viajes restringidos y tele trabajo, esto para garantizar la seguridad de nuestros empleados.<\/p>\n<p>Seguimos de cerca la situaci\u00f3n y seguiremos las instrucciones de la Organizaci\u00f3n Mundial de la Salud y Gobierno de Chile.<\/p>\n<p>Sabemos que esta es una situaci\u00f3n dif\u00edcil para todos. Fullen sigue comprometido a mantener la satisfacci\u00f3n del cliente.<\/p>\n<p>Nos podemos reunir v\u00eda Skype, ZOOM, Facetime , WhatsApp u otra plataforma que usted disponga, nuestro equipo de ventas y servicio al cliente est\u00e1n listos para ayudarlo con cualquier pregunta o inquietud. Si tiene alguna duda o necesidad espec\u00edfica, no dude en comunicarse con nosotros. Estamos aqu\u00ed para ayudarte.<\/p>\n<p>Gracias por su atenci\u00f3n lo mantendremos informado a medida que se desarrolle esta situaci\u00f3n, y tengamos m\u00e1s informaci\u00f3n para compartir.<\/p>\n<p>Jaime Fr\u00f6hlich A.<br \/>\nGerente General.<br \/>\n<a href=\"https:\/\/fullen.cl\/\">www.fullen.cl<\/a><\/p>\n<p><img decoding=\"async\" class=\"alignnone size-medium wp-image-3922\" src=\"https:\/\/fullen.cl\/wp-content\/uploads\/2020\/05\/fullen-simple-estable-accesible-black-300x116.png\" alt=\"\" width=\"300\" height=\"116\">    \t<\/p>\n","protected":false},"excerpt":{"rendered":"<p>Querido Cliente: A medida que COVID-19 contin\u00faa extendi\u00e9ndose a nivel mundial, Fullen International Chile, quiere asegurarle que nos estamos tomando muy en serio esta situaci\u00f3n. La salud de nuestros clientes, colaboradores y sus familias es, y sigue siendo, nuestra m\u00e1xima prioridad. Fullen sigue funcionando, en nuestras instalaciones se est\u00e1n tomando todas las precauciones e implementando [&hellip;]<\/p>\n","protected":false},"author":1,"featured_media":0,"comment_status":"open","ping_status":"open","sticky":false,"template":"","format":"chat","meta":{"rank_math_lock_modified_date":false,"footnotes":""},"categories":[23],"tags":[],"class_list":["post-4054","post","type-post","status-publish","format-chat","hentry","category-anuncios","post_format-post-format-chat"],"_links":{"self":[{"href":"https:\/\/fullen.cl\/blog\/wp-json\/wp\/v2\/posts\/4054"}],"collection":[{"href":"https:\/\/fullen.cl\/blog\/wp-json\/wp\/v2\/posts"}],"about":[{"href":"https:\/\/fullen.cl\/blog\/wp-json\/wp\/v2\/types\/post"}],"author":[{"embeddable":true,"href":"https:\/\/fullen.cl\/blog\/wp-json\/wp\/v2\/users\/1"}],"replies":[{"embeddable":true,"href":"https:\/\/fullen.cl\/blog\/wp-json\/wp\/v2\/comments?post=4054"}],"version-history":[{"count":0,"href":"https:\/\/fullen.cl\/blog\/wp-json\/wp\/v2\/posts\/4054\/revisions"}],"wp:attachment":[{"href":"https:\/\/fullen.cl\/blog\/wp-json\/wp\/v2\/media?parent=4054"}],"wp:term":[{"taxonomy":"category","embeddable":true,"href":"https:\/\/fullen.cl\/blog\/wp-json\/wp\/v2\/categories?post=4054"},{"taxonomy":"post_tag","embeddable":true,"href":"https:\/\/fullen.cl\/blog\/wp-json\/wp\/v2\/tags?post=4054"}],"curies":[{"name":"wp","href":"https:\/\/api.w.org\/{rel}","templated":true}]}}