{"id":278,"date":"2022-04-01T14:33:22","date_gmt":"2022-04-01T18:33:22","guid":{"rendered":"https:\/\/fullen.cl\/blog\/?p=278"},"modified":"2022-04-01T14:52:04","modified_gmt":"2022-04-01T18:52:04","slug":"que-es-el-apilador-electrico","status":"publish","type":"post","link":"https:\/\/fullen.cl\/blog\/que-es-el-apilador-electrico\/","title":{"rendered":"\u00bfQu\u00e9 es el apilador el\u00e9ctrico?"},"content":{"rendered":"\n<p><strong>El apilador el\u00e9ctrico es una carretilla elevadora el\u00e9ctrica con ruedas compactas, sin contrapeso y gran capacidad para apilar en alturas elevadas de hasta 12 metros.<\/strong> Estas caracter\u00edsticas son las principales diferencias entre un apilador el\u00e9ctrico y una gr\u00faa horquilla.<\/p>\n\n\n\n<p>El <strong>apilador el\u00e9ctrico en un equipo ideal para operar en espacios reducidos y cerrados<\/strong>, como bodegas, almacenes hasta c\u00e1maras de fr\u00edo. Esto se debe a su reducido tama\u00f1o y capacidad de moverse sin problemas por estos lugares.&nbsp;<\/p>\n\n\n\n<p>Existen dos requisitos fundamentales para el correcto funcionamiento de un apilador el\u00e9ctrico, en primer lugar debe operar sobre suelo liso y sin desniveles, debido a sus peque\u00f1as y compactas ruedas com\u00fanmente de Poliuretano. En segundo lugar, debe ser un ambiente cerrado no expuesto a la lluvia debido a sus componentes el\u00e9ctricos.<\/p>\n\n\n\n<h2 class=\"wp-block-heading\">\u00bfC\u00f3mo funciona el apilador el\u00e9ctrico?<\/h2>\n\n\n\n<p>El saber c\u00f3mo utilizar este aparato es de suma importancia, ya que en ello recae la gran efectividad y rendimiento que aporta a los espacios de trabajo d\u00f3nde se utiliza.<strong> Es clave indicar que el gran trabajo de esta m\u00e1quina pasa por el m\u00e1stil que permite la elevaci\u00f3n de las horquillas a trav\u00e9s del tim\u00f3n.<\/strong> Para su correcto uso, es necesario elevar la mercanc\u00eda paletizada situada frente al apilador el\u00e9ctrico y as\u00ed anclarlas. Esto permite a la m\u00e1quina elevar la mercanc\u00eda unos 15 a 20 cent\u00edmetros para desplazarla al lugar d\u00f3nde debe ser colocada. Luego de esto, cuando estemos en paralelo a la ubicaci\u00f3n deseada de almacenamiento, podemos elevar la carga hasta los 5.5 metros de alto, y as\u00ed introducirla d\u00f3nde deseemos.<\/p>\n\n\n\n<h2 class=\"wp-block-heading\">Caracter\u00edsticas importantes del apilador el\u00e9ctrico<\/h2>\n\n\n\n<figure class=\"wp-block-image size-full\"><img fetchpriority=\"high\" decoding=\"async\" width=\"647\" height=\"840\" src=\"https:\/\/fullen.cl\/blog\/wp-content\/uploads\/2022\/04\/caracteristicas-del-apilador-electrico.jpg\" alt=\"caracter\u00edsticas del apilador el\u00e9ctrico\" class=\"wp-image-281\" srcset=\"https:\/\/fullen.cl\/blog\/wp-content\/uploads\/2022\/04\/caracteristicas-del-apilador-electrico.jpg 647w, https:\/\/fullen.cl\/blog\/wp-content\/uploads\/2022\/04\/caracteristicas-del-apilador-electrico-231x300.jpg 231w\" sizes=\"(max-width: 647px) 100vw, 647px\" \/><\/figure>\n\n\n\n<p>Hay m\u00faltiples caracter\u00edsticas destacables de esta m\u00e1quina, por lo que te dejaremos una lista de los principales puntos que convierten en esta m\u00e1quina en un elemento de valor para tu empresa o compa\u00f1\u00eda.<\/p>\n\n\n\n<h2 class=\"wp-block-heading\">Maniobrabilidad<\/h2>\n\n\n\n<p>Al no ser muy grandes, <strong>poseen el tama\u00f1o ideal para poder realizar maniobras en espacios reducidos y confinados<\/strong>. De esta misma forma, pueden desenvolverse sin problemas en las tareas de carga y descarga de camiones u otros medios de transporte.<\/p>\n\n\n\n<h2 class=\"wp-block-heading\">Versatilidad<\/h2>\n\n\n\n<p>El apilador el\u00e9ctrico es una m\u00e1quina muy vers\u00e1til. <strong>Puede cumplir perfectamente las tareas en distintas \u00e1reas relacionadas con el almacenamiento<\/strong>, y al existir distintos tipos, podemos siempre encontrar el adecuado.<\/p>\n\n\n\n<h2 class=\"wp-block-heading\">Ergonom\u00eda<\/h2>\n\n\n\n<p>Los modelos de car\u00e1cter el\u00e9ctrico <strong>favorecen al operario en todo momento y reducen el esfuerzo que este debe realizar para maniobrar el apilador el\u00e9ctrico<\/strong>.<\/p>\n\n\n\n<h2 class=\"wp-block-heading\">Seguridad<\/h2>\n\n\n\n<p>La seguridad es uno de los elementos m\u00e1s importantes cuando hablamos de los trabajos con maquinaria, por lo que es un apartado que no pod\u00eda quedar atr\u00e1s. <strong>Hay modelos que no permiten el accionar de esta sin una correcta colocaci\u00f3n del material<\/strong>, adem\u00e1s de otras medidas preventivas.<\/p>\n\n\n\n<h2 class=\"wp-block-heading\">Respeto por el medioambiente<\/h2>\n\n\n\n<p>Al ser modelos el\u00e9ctricos, <strong>no afectan al medioambiente con emisiones de humo u otros gases contaminantes y nocivos,<\/strong> siendo as\u00ed, m\u00e1s respetuosos con nuestro planeta.<\/p>\n\n\n\n<p>Es importante considerar que <strong>ninguna m\u00e1quina es del todo completa<\/strong>, nunca tendremos una que se adapte a todas las aplicaciones, pero si podemos tener una que se <strong>adapte perfectamente a lo que necesitamos<\/strong>. Por esta raz\u00f3n, es importante que hacer una investigaci\u00f3n exhaustiva y buscar asesoramiento profesional antes de adquirir cualquier tipo de maquinaria. De esta forma, nos aseguramos que la m\u00e1quina nos sirve y nos conviene a corto y a largo plazo, y que la inversi\u00f3n que realicemos, ser\u00e1 rentable.<\/p>\n\n\n\n<p>Finalmente, si necesitas un apilador el\u00e9ctrico u otro tipo de maquinaria, no dudes en contactarte con <a href=\"https:\/\/www.fullen.cl\/\">Fullen Chile<\/a> para coordinar una visita t\u00e9cnica, y obtener una completa evaluaci\u00f3n sobre qu\u00e9 equipo se adec\u00faa a su operaci\u00f3n.<\/p>\n","protected":false},"excerpt":{"rendered":"<p>El apilador el\u00e9ctrico es una carretilla elevadora el\u00e9ctrica con ruedas compactas, sin contrapeso y gran capacidad para apilar en alturas elevadas de hasta 12 metros. Estas caracter\u00edsticas son las principales diferencias entre un apilador el\u00e9ctrico y una gr\u00faa horquilla. El apilador el\u00e9ctrico en un equipo ideal para operar en espacios reducidos y cerrados, como bodegas, [&hellip;]<\/p>\n","protected":false},"author":1,"featured_media":280,"comment_status":"open","ping_status":"closed","sticky":false,"template":"","format":"standard","meta":{"rank_math_lock_modified_date":false,"footnotes":""},"categories":[1],"tags":[],"class_list":["post-278","post","type-post","status-publish","format-standard","has-post-thumbnail","hentry","category-articulos"],"_links":{"self":[{"href":"https:\/\/fullen.cl\/blog\/wp-json\/wp\/v2\/posts\/278"}],"collection":[{"href":"https:\/\/fullen.cl\/blog\/wp-json\/wp\/v2\/posts"}],"about":[{"href":"https:\/\/fullen.cl\/blog\/wp-json\/wp\/v2\/types\/post"}],"author":[{"embeddable":true,"href":"https:\/\/fullen.cl\/blog\/wp-json\/wp\/v2\/users\/1"}],"replies":[{"embeddable":true,"href":"https:\/\/fullen.cl\/blog\/wp-json\/wp\/v2\/comments?post=278"}],"version-history":[{"count":6,"href":"https:\/\/fullen.cl\/blog\/wp-json\/wp\/v2\/posts\/278\/revisions"}],"predecessor-version":[{"id":288,"href":"https:\/\/fullen.cl\/blog\/wp-json\/wp\/v2\/posts\/278\/revisions\/288"}],"wp:featuredmedia":[{"embeddable":true,"href":"https:\/\/fullen.cl\/blog\/wp-json\/wp\/v2\/media\/280"}],"wp:attachment":[{"href":"https:\/\/fullen.cl\/blog\/wp-json\/wp\/v2\/media?parent=278"}],"wp:term":[{"taxonomy":"category","embeddable":true,"href":"https:\/\/fullen.cl\/blog\/wp-json\/wp\/v2\/categories?post=278"},{"taxonomy":"post_tag","embeddable":true,"href":"https:\/\/fullen.cl\/blog\/wp-json\/wp\/v2\/tags?post=278"}],"curies":[{"name":"wp","href":"https:\/\/api.w.org\/{rel}","templated":true}]}}